{"id":454,"date":"2021-10-12T22:08:39","date_gmt":"2021-10-12T20:08:39","guid":{"rendered":"http:\/\/herbakos.com\/web\/?p=454"},"modified":"2021-10-12T22:08:39","modified_gmt":"2021-10-12T20:08:39","slug":"dafina-laurus-nobilis-l-familja-lauraceae","status":"publish","type":"post","link":"https:\/\/herbakos.com\/web\/dafina-laurus-nobilis-l-familja-lauraceae\/","title":{"rendered":"Dafina (Laurus nobilis L. , familja Lauraceae)"},"content":{"rendered":"Droga p\u00ebrb\u00ebhet prej gjetheve e fryteve t\u00eb thara t\u00eb dafin\u00ebs ose larit ; lul\u00ebzon n\u00eb maj-prill; frutifikon n\u00eb tetor-n\u00ebntor.\r\n\r\nGjethet e dafin\u00ebs p\u00ebrdoren si ndihm\u00ebse n\u00eb mjekimin e bronkitit e t\u00eb gripit, n\u00eb rastet e ftohjes q\u00eb shoq\u00ebrohet me temperatur\u00eb, si er\u00ebza etj.\r\n\r\nFrytet e dafin\u00ebs p\u00ebrdoren m\u00eb shum\u00eb n\u00eb veterinari, si mjet p\u00ebr t\u00eb shtuar oreksin dhe si stomakik.\r\n\r\nNj\u00eb lug\u00eb gjelle me gjethe dafine t\u00eb grimcuara (s\u00eb bashku me 1 lug\u00eb gjelle me l\u00ebvore portokalli, n\u00eb rast se keni) hidhen n\u00eb nj\u00eb 1 got\u00eb uj\u00eb t\u00eb sapozier. Ena mbulohet me kapak dhe p\u00ebrzierja lihet t\u00eb q\u00ebndroj\u00eb 10 minuta. Pastaj kullohet. Pihen 2-3 gota t\u00eb tilla n\u00eb dit\u00eb. N\u00eb form\u00eb banje frytet e dafin\u00ebs p\u00ebrdoren kund\u00ebr djersitjes s\u00eb tep\u00ebrt dhe er\u00ebs s\u00eb keqe t\u00eb k\u00ebmb\u00ebve, n\u00eb k\u00ebt\u00eb m\u00ebnyr\u00eb: nj\u00eb grusht me fryte t\u00eb thara e t\u00eb cop\u00ebtuara t\u00eb dafin\u00ebs hidhen n\u00eb nj\u00eb en\u00eb ku shtohet 1 lit\u00ebr uj\u00eb. Ena mbulohet me kapak dhe p\u00ebrmbajtja zihet p\u00ebr 20 minuta, lihet derisa t\u00eb ftohet. L\u00ebngu kullohet, zbrazet n\u00eb nj\u00eb legen ku paraprakisht \u00ebsht\u00eb hedhur uj\u00eb i ngroht\u00eb. K\u00ebtu futen k\u00ebmb\u00ebt dhe mbahen p\u00ebr nj\u00eb koh\u00eb t\u00eb gjat\u00eb.\u00a0N\u00eb vende t\u00eb thata drogat e ruajn\u00eb efektin p\u00ebr 2 vjet.","protected":false},"excerpt":{"rendered":"<p>Droga p\u00ebrb\u00ebhet prej gjetheve e fryteve t\u00eb thara t\u00eb dafin\u00ebs ose larit ; lul\u00ebzon n\u00eb maj-prill; frutifikon n\u00eb tetor-n\u00ebntor. Gjethet e dafin\u00ebs p\u00ebrdoren si ndihm\u00ebse n\u00eb mjekimin e bronkitit e t\u00eb gripit, n\u00eb rastet e ftohjes q\u00eb shoq\u00ebrohet me temperatur\u00eb, si er\u00ebza etj. Frytet e dafin\u00ebs p\u00ebrdoren m\u00eb shum\u00eb n\u00eb veterinari, si mjet p\u00ebr t\u00eb&#8230;  <a href=\"https:\/\/herbakos.com\/web\/dafina-laurus-nobilis-l-familja-lauraceae\/\" class=\"more-link\" title=\"read Dafina (Laurus nobilis L. , familja Lauraceae)\">read more &raquo;<\/a><\/p>\n","protected":false},"author":1,"featured_media":455,"comment_status":"open","ping_status":"open","sticky":false,"template":"","format":"standard","meta":{"footnotes":""},"categories":[1],"tags":[],"class_list":["post-454","post","type-post","status-publish","format-standard","has-post-thumbnail","hentry","category-blog"],"_links":{"self":[{"href":"https:\/\/herbakos.com\/web\/wp-json\/wp\/v2\/posts\/454","targetHints":{"allow":["GET"]}}],"collection":[{"href":"https:\/\/herbakos.com\/web\/wp-json\/wp\/v2\/posts"}],"about":[{"href":"https:\/\/herbakos.com\/web\/wp-json\/wp\/v2\/types\/post"}],"author":[{"embeddable":true,"href":"https:\/\/herbakos.com\/web\/wp-json\/wp\/v2\/users\/1"}],"replies":[{"embeddable":true,"href":"https:\/\/herbakos.com\/web\/wp-json\/wp\/v2\/comments?post=454"}],"version-history":[{"count":1,"href":"https:\/\/herbakos.com\/web\/wp-json\/wp\/v2\/posts\/454\/revisions"}],"predecessor-version":[{"id":456,"href":"https:\/\/herbakos.com\/web\/wp-json\/wp\/v2\/posts\/454\/revisions\/456"}],"wp:featuredmedia":[{"embeddable":true,"href":"https:\/\/herbakos.com\/web\/wp-json\/wp\/v2\/media\/455"}],"wp:attachment":[{"href":"https:\/\/herbakos.com\/web\/wp-json\/wp\/v2\/media?parent=454"}],"wp:term":[{"taxonomy":"category","embeddable":true,"href":"https:\/\/herbakos.com\/web\/wp-json\/wp\/v2\/categories?post=454"},{"taxonomy":"post_tag","embeddable":true,"href":"https:\/\/herbakos.com\/web\/wp-json\/wp\/v2\/tags?post=454"}],"curies":[{"name":"wp","href":"https:\/\/api.w.org\/{rel}","templated":true}]}}